{"id":2654,"date":"2025-03-11T07:14:44","date_gmt":"2025-03-11T13:14:44","guid":{"rendered":"https:\/\/barberiamexico.com\/?p=2654"},"modified":"2025-05-27T05:51:20","modified_gmt":"2025-05-27T11:51:20","slug":"barberia","status":"publish","type":"post","link":"https:\/\/barberiamexico.com\/en\/barberia\/","title":{"rendered":"\u00bfPor Qu\u00e9 Elegirnos?"},"content":{"rendered":"<hr class=\"wp-block-separator has-alpha-channel-opacity\"\/>\n\n\n\n<p><strong>Barber\u00eda Reforma naci\u00f3 en 2021, <\/strong>durante la pandemia. La idea era crear un espacio limpio, sanitizado, con altos est\u00e1ndares de higiene y donde solo estuvieran el cliente y el barbero, evitando as\u00ed cualquier contacto innecesario. Con ese objetivo, alquilamos un peque\u00f1o local en pleno coraz\u00f3n de la Ciudad de M\u00e9xico. Durante un tiempo trabajamos a puerta cerrada, pero con el paso de los meses, y cuando el confinamiento termin\u00f3, abrimos al p\u00fablico. Agregamos una silla adicional y seguimos operando con los mismos est\u00e1ndares de limpieza y calidad que desde el inicio nos propusimos.<\/p>\n\n\n\n<p>Con el tiempo, la barber\u00eda se posicion\u00f3 como un referente, no solo por la calidad de nuestros servicios, sino tambi\u00e9n por el profesionalismo de nuestro equipo de trabajo. <strong>&#8220;Calidad en cada detalle&#8221;<\/strong> es el lema que nos define. Sabemos que el lugar es peque\u00f1o, pero acogedor, con una vibra que te har\u00e1 querer volver.<\/p>\n\n\n\n<p>Nuestro servicio, el trato al cliente y la cercan\u00eda a la principal calle de la<a href=\"https:\/\/barberiamexico.com\/en\/contacto\/\" data-type=\"link\" data-id=\"https:\/\/barberiamexico.com\/contacto\/\"> Ciudad de M\u00e9xico<\/a> nos han ayudado a consolidarnos y a elevar el est\u00e1ndar frente a las barber\u00edas de la zona. Esto ha generado un ambiente de sana competencia con nuestros vecinos, impuls\u00e1ndonos a mejorar cada d\u00eda en el arte de ofrecer cortes de cabello y asegurarnos de que cada cliente salga satisfecho.<\/p>\n\n\n<div class=\"wp-block-image\">\n<figure class=\"aligncenter size-large\"><img fetchpriority=\"high\" decoding=\"async\" width=\"768\" height=\"1024\" src=\"https:\/\/barberiamexico.com\/wp-content\/uploads\/2024\/04\/BARBERIA-EN-LA-CONDESA-scaled-1-768x1024.jpg\" alt=\"\" class=\"wp-image-2297\" srcset=\"https:\/\/barberiamexico.com\/wp-content\/uploads\/2024\/04\/BARBERIA-EN-LA-CONDESA-scaled-1-768x1024.jpg 768w, https:\/\/barberiamexico.com\/wp-content\/uploads\/2024\/04\/BARBERIA-EN-LA-CONDESA-scaled-1-300x400.jpg 300w, https:\/\/barberiamexico.com\/wp-content\/uploads\/2024\/04\/BARBERIA-EN-LA-CONDESA-scaled-1-225x300.jpg 225w, https:\/\/barberiamexico.com\/wp-content\/uploads\/2024\/04\/BARBERIA-EN-LA-CONDESA-scaled-1-1152x1536.jpg 1152w, https:\/\/barberiamexico.com\/wp-content\/uploads\/2024\/04\/BARBERIA-EN-LA-CONDESA-scaled-1-1536x2048.jpg 1536w, https:\/\/barberiamexico.com\/wp-content\/uploads\/2024\/04\/BARBERIA-EN-LA-CONDESA-scaled-1-563x750.jpg 563w, https:\/\/barberiamexico.com\/wp-content\/uploads\/2024\/04\/BARBERIA-EN-LA-CONDESA-scaled-1.jpg 1920w\" sizes=\"(max-width: 768px) 100vw, 768px\" \/><\/figure>\n<\/div>\n\n\n<p><\/p>","protected":false},"excerpt":{"rendered":"<p>Barber\u00eda Reforma naci\u00f3 en 2021, durante la pandemia. La idea era crear un espacio limpio, sanitizado, con altos est\u00e1ndares de higiene y donde solo estuvieran el cliente y el barbero, evitando as\u00ed cualquier contacto innecesario. Con ese objetivo, alquilamos un peque\u00f1o local en pleno coraz\u00f3n de la Ciudad de M\u00e9xico. Durante un tiempo trabajamos a [&hellip;]<\/p>","protected":false},"author":2,"featured_media":0,"comment_status":"closed","ping_status":"closed","sticky":false,"template":"","format":"standard","meta":{"_eb_attr":"","_joinchat":[],"footnotes":""},"categories":[1],"tags":[],"class_list":["post-2654","post","type-post","status-publish","format-standard","hentry","category-uncategorized"],"yoast_head":"<!-- This site is optimized with the Yoast SEO plugin v27.5 - https:\/\/yoast.com\/product\/yoast-seo-wordpress\/ -->\n<title>\u00bfPor Qu\u00e9 Elegirnos? - Reforma Barber Shop<\/title>\n<meta name=\"robots\" content=\"index, follow, max-snippet:-1, max-image-preview:large, max-video-preview:-1\" \/>\n<link rel=\"canonical\" href=\"https:\/\/barberiamexico.com\/en\/barberia\/\" \/>\n<meta property=\"og:locale\" content=\"en_US\" \/>\n<meta property=\"og:type\" content=\"article\" \/>\n<meta property=\"og:title\" content=\"\u00bfPor Qu\u00e9 Elegirnos? - Reforma Barber Shop\" \/>\n<meta property=\"og:description\" content=\"Barber\u00eda Reforma naci\u00f3 en 2021, durante la pandemia. La idea era crear un espacio limpio, sanitizado, con altos est\u00e1ndares de higiene y donde solo estuvieran el cliente y el barbero, evitando as\u00ed cualquier contacto innecesario. Con ese objetivo, alquilamos un peque\u00f1o local en pleno coraz\u00f3n de la Ciudad de M\u00e9xico. Durante un tiempo trabajamos a [&hellip;]\" \/>\n<meta property=\"og:url\" content=\"https:\/\/barberiamexico.com\/en\/barberia\/\" \/>\n<meta property=\"og:site_name\" content=\"Reforma Barber Shop\" \/>\n<meta property=\"article:published_time\" content=\"2025-03-11T13:14:44+00:00\" \/>\n<meta property=\"article:modified_time\" content=\"2025-05-27T11:51:20+00:00\" \/>\n<meta property=\"og:image\" content=\"https:\/\/barberiamexico.com\/wp-content\/uploads\/2024\/04\/BARBERIA-EN-LA-CONDESA-scaled-1.jpg\" \/>\n\t<meta property=\"og:image:width\" content=\"1920\" \/>\n\t<meta property=\"og:image:height\" content=\"2560\" \/>\n\t<meta property=\"og:image:type\" content=\"image\/jpeg\" \/>\n<meta name=\"author\" content=\"dilan giraldo\" \/>\n<meta name=\"twitter:card\" content=\"summary_large_image\" \/>\n<meta name=\"twitter:label1\" content=\"Written by\" \/>\n\t<meta name=\"twitter:data1\" content=\"dilan giraldo\" \/>\n\t<meta name=\"twitter:label2\" content=\"Est. reading time\" \/>\n\t<meta name=\"twitter:data2\" content=\"2 minutes\" \/>\n<script type=\"application\/ld+json\" class=\"yoast-schema-graph\">{\"@context\":\"https:\\\/\\\/schema.org\",\"@graph\":[{\"@type\":\"Article\",\"@id\":\"https:\\\/\\\/barberiamexico.com\\\/barberia\\\/#article\",\"isPartOf\":{\"@id\":\"https:\\\/\\\/barberiamexico.com\\\/barberia\\\/\"},\"author\":{\"name\":\"dilan giraldo\",\"@id\":\"https:\\\/\\\/barberiamexico.com\\\/en\\\/#\\\/schema\\\/person\\\/5177f807da3e4cecbf1a59c0d1424a56\"},\"headline\":\"\u00bfPor Qu\u00e9 Elegirnos?\",\"datePublished\":\"2025-03-11T13:14:44+00:00\",\"dateModified\":\"2025-05-27T11:51:20+00:00\",\"mainEntityOfPage\":{\"@id\":\"https:\\\/\\\/barberiamexico.com\\\/barberia\\\/\"},\"wordCount\":232,\"publisher\":{\"@id\":\"https:\\\/\\\/barberiamexico.com\\\/en\\\/#organization\"},\"image\":{\"@id\":\"https:\\\/\\\/barberiamexico.com\\\/barberia\\\/#primaryimage\"},\"thumbnailUrl\":\"https:\\\/\\\/barberiamexico.com\\\/wp-content\\\/uploads\\\/2024\\\/04\\\/BARBERIA-EN-LA-CONDESA-scaled-1-768x1024.jpg\",\"inLanguage\":\"en-US\"},{\"@type\":\"WebPage\",\"@id\":\"https:\\\/\\\/barberiamexico.com\\\/barberia\\\/\",\"url\":\"https:\\\/\\\/barberiamexico.com\\\/barberia\\\/\",\"name\":\"\u00bfPor Qu\u00e9 Elegirnos? - Reforma Barber Shop\",\"isPartOf\":{\"@id\":\"https:\\\/\\\/barberiamexico.com\\\/en\\\/#website\"},\"primaryImageOfPage\":{\"@id\":\"https:\\\/\\\/barberiamexico.com\\\/barberia\\\/#primaryimage\"},\"image\":{\"@id\":\"https:\\\/\\\/barberiamexico.com\\\/barberia\\\/#primaryimage\"},\"thumbnailUrl\":\"https:\\\/\\\/barberiamexico.com\\\/wp-content\\\/uploads\\\/2024\\\/04\\\/BARBERIA-EN-LA-CONDESA-scaled-1-768x1024.jpg\",\"datePublished\":\"2025-03-11T13:14:44+00:00\",\"dateModified\":\"2025-05-27T11:51:20+00:00\",\"breadcrumb\":{\"@id\":\"https:\\\/\\\/barberiamexico.com\\\/barberia\\\/#breadcrumb\"},\"inLanguage\":\"en-US\",\"potentialAction\":[{\"@type\":\"ReadAction\",\"target\":[\"https:\\\/\\\/barberiamexico.com\\\/barberia\\\/\"]}]},{\"@type\":\"ImageObject\",\"inLanguage\":\"en-US\",\"@id\":\"https:\\\/\\\/barberiamexico.com\\\/barberia\\\/#primaryimage\",\"url\":\"https:\\\/\\\/barberiamexico.com\\\/wp-content\\\/uploads\\\/2024\\\/04\\\/BARBERIA-EN-LA-CONDESA-scaled-1-768x1024.jpg\",\"contentUrl\":\"https:\\\/\\\/barberiamexico.com\\\/wp-content\\\/uploads\\\/2024\\\/04\\\/BARBERIA-EN-LA-CONDESA-scaled-1-768x1024.jpg\"},{\"@type\":\"BreadcrumbList\",\"@id\":\"https:\\\/\\\/barberiamexico.com\\\/barberia\\\/#breadcrumb\",\"itemListElement\":[{\"@type\":\"ListItem\",\"position\":1,\"name\":\"Inicio\",\"item\":\"https:\\\/\\\/barberiamexico.com\\\/\"},{\"@type\":\"ListItem\",\"position\":2,\"name\":\"\u00bfPor Qu\u00e9 Elegirnos?\"}]},{\"@type\":\"WebSite\",\"@id\":\"https:\\\/\\\/barberiamexico.com\\\/en\\\/#website\",\"url\":\"https:\\\/\\\/barberiamexico.com\\\/en\\\/\",\"name\":\"Reforma Barber Shop\",\"description\":\"Peluquer\u00eda masculina en ciudad de Mexico\",\"publisher\":{\"@id\":\"https:\\\/\\\/barberiamexico.com\\\/en\\\/#organization\"},\"potentialAction\":[{\"@type\":\"SearchAction\",\"target\":{\"@type\":\"EntryPoint\",\"urlTemplate\":\"https:\\\/\\\/barberiamexico.com\\\/en\\\/?s={search_term_string}\"},\"query-input\":{\"@type\":\"PropertyValueSpecification\",\"valueRequired\":true,\"valueName\":\"search_term_string\"}}],\"inLanguage\":\"en-US\"},{\"@type\":\"Organization\",\"@id\":\"https:\\\/\\\/barberiamexico.com\\\/en\\\/#organization\",\"name\":\"Reforma Barber Shop\",\"url\":\"https:\\\/\\\/barberiamexico.com\\\/en\\\/\",\"logo\":{\"@type\":\"ImageObject\",\"inLanguage\":\"en-US\",\"@id\":\"https:\\\/\\\/barberiamexico.com\\\/en\\\/#\\\/schema\\\/logo\\\/image\\\/\",\"url\":\"https:\\\/\\\/barberiamexico.com\\\/wp-content\\\/uploads\\\/2024\\\/10\\\/logo-PNG.png\",\"contentUrl\":\"https:\\\/\\\/barberiamexico.com\\\/wp-content\\\/uploads\\\/2024\\\/10\\\/logo-PNG.png\",\"width\":3502,\"height\":3502,\"caption\":\"Reforma Barber Shop\"},\"image\":{\"@id\":\"https:\\\/\\\/barberiamexico.com\\\/en\\\/#\\\/schema\\\/logo\\\/image\\\/\"}},{\"@type\":\"Person\",\"@id\":\"https:\\\/\\\/barberiamexico.com\\\/en\\\/#\\\/schema\\\/person\\\/5177f807da3e4cecbf1a59c0d1424a56\",\"name\":\"dilan giraldo\",\"image\":{\"@type\":\"ImageObject\",\"inLanguage\":\"en-US\",\"@id\":\"https:\\\/\\\/secure.gravatar.com\\\/avatar\\\/4a86a831bdda680d7dc83472bcfd23e09b9e0145a3092980ee696dc5dbdd8e11?s=96&d=mm&r=g\",\"url\":\"https:\\\/\\\/secure.gravatar.com\\\/avatar\\\/4a86a831bdda680d7dc83472bcfd23e09b9e0145a3092980ee696dc5dbdd8e11?s=96&d=mm&r=g\",\"contentUrl\":\"https:\\\/\\\/secure.gravatar.com\\\/avatar\\\/4a86a831bdda680d7dc83472bcfd23e09b9e0145a3092980ee696dc5dbdd8e11?s=96&d=mm&r=g\",\"caption\":\"dilan giraldo\"},\"url\":\"https:\\\/\\\/barberiamexico.com\\\/en\\\/author\\\/dilon\\\/\"}]}<\/script>\n<!-- \/ Yoast SEO plugin. -->","yoast_head_json":{"title":"\u00bfPor Qu\u00e9 Elegirnos? - Reforma Barber Shop","robots":{"index":"index","follow":"follow","max-snippet":"max-snippet:-1","max-image-preview":"max-image-preview:large","max-video-preview":"max-video-preview:-1"},"canonical":"https:\/\/barberiamexico.com\/en\/barberia\/","og_locale":"en_US","og_type":"article","og_title":"\u00bfPor Qu\u00e9 Elegirnos? - Reforma Barber Shop","og_description":"Barber\u00eda Reforma naci\u00f3 en 2021, durante la pandemia. La idea era crear un espacio limpio, sanitizado, con altos est\u00e1ndares de higiene y donde solo estuvieran el cliente y el barbero, evitando as\u00ed cualquier contacto innecesario. Con ese objetivo, alquilamos un peque\u00f1o local en pleno coraz\u00f3n de la Ciudad de M\u00e9xico. Durante un tiempo trabajamos a [&hellip;]","og_url":"https:\/\/barberiamexico.com\/en\/barberia\/","og_site_name":"Reforma Barber Shop","article_published_time":"2025-03-11T13:14:44+00:00","article_modified_time":"2025-05-27T11:51:20+00:00","og_image":[{"width":1920,"height":2560,"url":"https:\/\/barberiamexico.com\/wp-content\/uploads\/2024\/04\/BARBERIA-EN-LA-CONDESA-scaled-1.jpg","type":"image\/jpeg"}],"author":"dilan giraldo","twitter_card":"summary_large_image","twitter_misc":{"Written by":"dilan giraldo","Est. reading time":"2 minutes"},"schema":{"@context":"https:\/\/schema.org","@graph":[{"@type":"Article","@id":"https:\/\/barberiamexico.com\/barberia\/#article","isPartOf":{"@id":"https:\/\/barberiamexico.com\/barberia\/"},"author":{"name":"dilan giraldo","@id":"https:\/\/barberiamexico.com\/en\/#\/schema\/person\/5177f807da3e4cecbf1a59c0d1424a56"},"headline":"\u00bfPor Qu\u00e9 Elegirnos?","datePublished":"2025-03-11T13:14:44+00:00","dateModified":"2025-05-27T11:51:20+00:00","mainEntityOfPage":{"@id":"https:\/\/barberiamexico.com\/barberia\/"},"wordCount":232,"publisher":{"@id":"https:\/\/barberiamexico.com\/en\/#organization"},"image":{"@id":"https:\/\/barberiamexico.com\/barberia\/#primaryimage"},"thumbnailUrl":"https:\/\/barberiamexico.com\/wp-content\/uploads\/2024\/04\/BARBERIA-EN-LA-CONDESA-scaled-1-768x1024.jpg","inLanguage":"en-US"},{"@type":"WebPage","@id":"https:\/\/barberiamexico.com\/barberia\/","url":"https:\/\/barberiamexico.com\/barberia\/","name":"\u00bfPor Qu\u00e9 Elegirnos? - Reforma Barber Shop","isPartOf":{"@id":"https:\/\/barberiamexico.com\/en\/#website"},"primaryImageOfPage":{"@id":"https:\/\/barberiamexico.com\/barberia\/#primaryimage"},"image":{"@id":"https:\/\/barberiamexico.com\/barberia\/#primaryimage"},"thumbnailUrl":"https:\/\/barberiamexico.com\/wp-content\/uploads\/2024\/04\/BARBERIA-EN-LA-CONDESA-scaled-1-768x1024.jpg","datePublished":"2025-03-11T13:14:44+00:00","dateModified":"2025-05-27T11:51:20+00:00","breadcrumb":{"@id":"https:\/\/barberiamexico.com\/barberia\/#breadcrumb"},"inLanguage":"en-US","potentialAction":[{"@type":"ReadAction","target":["https:\/\/barberiamexico.com\/barberia\/"]}]},{"@type":"ImageObject","inLanguage":"en-US","@id":"https:\/\/barberiamexico.com\/barberia\/#primaryimage","url":"https:\/\/barberiamexico.com\/wp-content\/uploads\/2024\/04\/BARBERIA-EN-LA-CONDESA-scaled-1-768x1024.jpg","contentUrl":"https:\/\/barberiamexico.com\/wp-content\/uploads\/2024\/04\/BARBERIA-EN-LA-CONDESA-scaled-1-768x1024.jpg"},{"@type":"BreadcrumbList","@id":"https:\/\/barberiamexico.com\/barberia\/#breadcrumb","itemListElement":[{"@type":"ListItem","position":1,"name":"Inicio","item":"https:\/\/barberiamexico.com\/"},{"@type":"ListItem","position":2,"name":"\u00bfPor Qu\u00e9 Elegirnos?"}]},{"@type":"WebSite","@id":"https:\/\/barberiamexico.com\/en\/#website","url":"https:\/\/barberiamexico.com\/en\/","name":"Reforma Barber Shop","description":"Peluquer\u00eda masculina en ciudad de Mexico","publisher":{"@id":"https:\/\/barberiamexico.com\/en\/#organization"},"potentialAction":[{"@type":"SearchAction","target":{"@type":"EntryPoint","urlTemplate":"https:\/\/barberiamexico.com\/en\/?s={search_term_string}"},"query-input":{"@type":"PropertyValueSpecification","valueRequired":true,"valueName":"search_term_string"}}],"inLanguage":"en-US"},{"@type":"Organization","@id":"https:\/\/barberiamexico.com\/en\/#organization","name":"Reforma Barber Shop","url":"https:\/\/barberiamexico.com\/en\/","logo":{"@type":"ImageObject","inLanguage":"en-US","@id":"https:\/\/barberiamexico.com\/en\/#\/schema\/logo\/image\/","url":"https:\/\/barberiamexico.com\/wp-content\/uploads\/2024\/10\/logo-PNG.png","contentUrl":"https:\/\/barberiamexico.com\/wp-content\/uploads\/2024\/10\/logo-PNG.png","width":3502,"height":3502,"caption":"Reforma Barber Shop"},"image":{"@id":"https:\/\/barberiamexico.com\/en\/#\/schema\/logo\/image\/"}},{"@type":"Person","@id":"https:\/\/barberiamexico.com\/en\/#\/schema\/person\/5177f807da3e4cecbf1a59c0d1424a56","name":"dilan giraldo","image":{"@type":"ImageObject","inLanguage":"en-US","@id":"https:\/\/secure.gravatar.com\/avatar\/4a86a831bdda680d7dc83472bcfd23e09b9e0145a3092980ee696dc5dbdd8e11?s=96&d=mm&r=g","url":"https:\/\/secure.gravatar.com\/avatar\/4a86a831bdda680d7dc83472bcfd23e09b9e0145a3092980ee696dc5dbdd8e11?s=96&d=mm&r=g","contentUrl":"https:\/\/secure.gravatar.com\/avatar\/4a86a831bdda680d7dc83472bcfd23e09b9e0145a3092980ee696dc5dbdd8e11?s=96&d=mm&r=g","caption":"dilan giraldo"},"url":"https:\/\/barberiamexico.com\/en\/author\/dilon\/"}]}},"_links":{"self":[{"href":"https:\/\/barberiamexico.com\/en\/wp-json\/wp\/v2\/posts\/2654","targetHints":{"allow":["GET"]}}],"collection":[{"href":"https:\/\/barberiamexico.com\/en\/wp-json\/wp\/v2\/posts"}],"about":[{"href":"https:\/\/barberiamexico.com\/en\/wp-json\/wp\/v2\/types\/post"}],"author":[{"embeddable":true,"href":"https:\/\/barberiamexico.com\/en\/wp-json\/wp\/v2\/users\/2"}],"replies":[{"embeddable":true,"href":"https:\/\/barberiamexico.com\/en\/wp-json\/wp\/v2\/comments?post=2654"}],"version-history":[{"count":2,"href":"https:\/\/barberiamexico.com\/en\/wp-json\/wp\/v2\/posts\/2654\/revisions"}],"predecessor-version":[{"id":2847,"href":"https:\/\/barberiamexico.com\/en\/wp-json\/wp\/v2\/posts\/2654\/revisions\/2847"}],"wp:attachment":[{"href":"https:\/\/barberiamexico.com\/en\/wp-json\/wp\/v2\/media?parent=2654"}],"wp:term":[{"taxonomy":"category","embeddable":true,"href":"https:\/\/barberiamexico.com\/en\/wp-json\/wp\/v2\/categories?post=2654"},{"taxonomy":"post_tag","embeddable":true,"href":"https:\/\/barberiamexico.com\/en\/wp-json\/wp\/v2\/tags?post=2654"}],"curies":[{"name":"wp","href":"https:\/\/api.w.org\/{rel}","templated":true}]}}